{"id":1685,"date":"2014-04-04T20:59:23","date_gmt":"2014-04-04T20:59:23","guid":{"rendered":"http:\/\/www.eglise-wallonie.be\/?p=1685"},"modified":"2014-04-07T08:43:51","modified_gmt":"2014-04-07T08:43:51","slug":"1685","status":"publish","type":"post","link":"http:\/\/www.eglise-wallonie.be\/?p=1685","title":{"rendered":"\u00c9DITORIAL (\u00c9-W, n\u00b02\/2007)"},"content":{"rendered":"<h3>Dans \u00ab\u00a0Eglise-Wallonie\u00a0\u00bb, il y a \u00ab\u00a0Wallonie\u00a0\u00bb.<br \/>\nMais dans quel sens\u00a0?<br \/>\nSuscit\u00e9es par le calendrier politique,<br \/>\nles lignes qui suivent devraient aider \u00e0 r\u00e9pondre<br \/>\n\u00e0 cette question.<\/h3>\n<p>Des propos tenus actuellement donnent l&rsquo;impression que la r\u00e9gionalisation , qui &#8211; rappelons- le &#8211; fait partie de la sph\u00e8re des questions communautaires ou institutionnelles, serait le fruit d&rsquo;un caprice de l&rsquo;histoire, d&rsquo;une conjonction hasardeuse d&rsquo;int\u00e9r\u00eats composites ou d&rsquo;un complot d&rsquo;hommes et de femmes politiques cr\u00e9ant leur plan de carri\u00e8re.<\/p>\n<p>Bref retour en arri\u00e8re.<\/p>\n<p>La r\u00e9gionalisation est tout simplement, si on peut dire, l&rsquo;entrecroisement de deux dimensions dans notre histoire\u00a0: la revendication d&rsquo;une identit\u00e9 culturelle et \u00a0 la volont\u00e9 d&rsquo;une relance structurelle de l&rsquo;activit\u00e9 \u00e9conomique. Or, on sait que la premi\u00e8re a surtout \u00e9t\u00e9 port\u00e9e par la Flandre en vue de la reconnaissance de la langue flamande et la seconde par la Wallonie \u00a0 pour la restructuration d&rsquo;une \u00e9conomie charpent\u00e9e autour de la premi\u00e8re r\u00e9volution industrielle.<\/p>\n<p>Chemin faisant, la Flandre a incorpor\u00e9 dans sa dynamique politique la dimension \u00e9conomique, mais le sym\u00e9trique n&rsquo;est pas vrai pour la Wallonie en ce qui concerne la dimension culturelle.<\/p>\n<p>Ce rappel fait et en ces p\u00e9riodes de campagne et de constitution d&rsquo;un ex\u00e9cutif f\u00e9d\u00e9ral, il \u00a0 nous semble qu&rsquo;il serait temps de revenir sur les fondamentaux de la r\u00e9gionalisation. \u00a0 Bien s\u00fbr, nous ne pouvons \u00a0 tout aborder dans un \u00e9ditorial. Relevons donc trois \u00e9l\u00e9ments\u00a0: territoire, langue et projet.<\/p>\n<p>La Wallonie a souvent eu \u00ab\u00a0mal \u00e0 son territoire\u00a0\u00bb. Et dans des registres diff\u00e9rents\u00a0: p\u00e9riph\u00e9rie, Fourons, la saga du \u00ab\u00a0d\u00e9m\u00e9nagement\u00a0\u00bb des services de la R\u00e9gion wallonne de Bruxelles \u00e0 Namur, etc. A pr\u00e9sent, \u00a0 le d\u00e9bat rebondit \u00e0 nouveau sur la relation Wallonie-Bruxelles. \u00a0 Sous le couvert d&rsquo;un d\u00e9bat d&rsquo;\u00e9conomie spatiale ou r\u00e9gionale, en voulant afficher l&rsquo;inexistence ou la non-consistance de la Wallonie, est en \u00a0 fait en jeu celui de l&rsquo;essence m\u00eame de cette r\u00e9gion, car il est des fa\u00e7ons de d\u00e9battre destructrices de tout processus de construction.<\/p>\n<p>D\u00e9passant le cadre des discussions d&rsquo;avant et apr\u00e8s scrutin, il convient de relever aussi combien nous sommes submerg\u00e9s d&rsquo;informations sur les s\u00e9jours ou classes en immersion,. Le \u00a0 tout au n\u00e9erlandais est omnipr\u00e9sent noy\u00e9 dans une exigence d&rsquo;un bilinguisme \u00ab\u00a0civique\u00a0\u00bb. Et pareille \u00a0 pression occulte la libert\u00e9 de choix dans l&rsquo;apprentissage des langues envisag\u00e9e en fonction de choix individuels et de localisation au sein de la r\u00e9gion, que ce soit \u00a0 vers l&rsquo;allemand, l&rsquo;anglais ou la langue m\u00e9moriale que sont les parlers wallons ou encore vers l&rsquo;espagnol, l&rsquo;arabe\u2026et le n\u00e9erlandais, avec \u00a0 l&rsquo;ouverture au monde proche ou lointain qu&rsquo;offre cette libert\u00e9 l\u00e0 pourtant tellement mise \u00e0 mal.<\/p>\n<p>Le projet wallon est essentiellement un projet \u00e9conomique. En t\u00e9moigne le plan Marshall. N\u00e9cessaire, oui, suffisant non. Il faut, en effet, \u00a0 un plan, ou plut\u00f4t un projet qui soit politique, c&rsquo;est-\u00e0-dire \u00a0 global. \u00c9conomique certes, mais embarquant aussi d&rsquo;autres variables que celle purement \u00e9conomique, soit toutes celles fondent le d\u00e9veloppement humain\u00a0: le savoir, l&rsquo;expression, la capacit\u00e9 cr\u00e9ative comme celle du d\u00e9bat <strong>, <\/strong>l&rsquo;ouverture aux domaines de l&rsquo;existence touchant <strong><\/strong>l&rsquo;immat\u00e9riel, \u00a0 l&rsquo;augmentation du capital social, la solidarit\u00e9 d\u00e9clin\u00e9e territorialement et socialement,\u2026\u00a0Ces dimensions, indispensables \u00a0 au projet politique, ne peuvent plus \u00a0 demeurer aujourd&rsquo;hui \u00e0 distance du projet wallon\u00a0; par surcro\u00eet, elles soutiendront sur le fond l&rsquo;effort d\u00e9ploy\u00e9 vers une \u00e9conomie concr\u00e8tement refond\u00e9e et vivifi\u00e9e.<\/p>\n<p>Bref, en Wallonie, il s&rsquo;agit de fonder aussi sur la culture le projet de vie collective.<\/p>\n","protected":false},"excerpt":{"rendered":"<p>Dans \u00ab\u00a0Eglise-Wallonie\u00a0\u00bb, il y a \u00ab\u00a0Wallonie\u00a0\u00bb. Mais dans quel sens\u00a0? Suscit\u00e9es par le calendrier politique, les lignes qui suivent devraient aider \u00e0 r\u00e9pondre \u00e0 cette question. Des propos tenus actuellement&#8230;<\/p>\n","protected":false},"author":1,"featured_media":0,"comment_status":"open","ping_status":"open","sticky":false,"template":"","format":"quote","meta":[],"categories":[36],"tags":[],"_links":{"self":[{"href":"http:\/\/www.eglise-wallonie.be\/index.php?rest_route=\/wp\/v2\/posts\/1685"}],"collection":[{"href":"http:\/\/www.eglise-wallonie.be\/index.php?rest_route=\/wp\/v2\/posts"}],"about":[{"href":"http:\/\/www.eglise-wallonie.be\/index.php?rest_route=\/wp\/v2\/types\/post"}],"author":[{"embeddable":true,"href":"http:\/\/www.eglise-wallonie.be\/index.php?rest_route=\/wp\/v2\/users\/1"}],"replies":[{"embeddable":true,"href":"http:\/\/www.eglise-wallonie.be\/index.php?rest_route=%2Fwp%2Fv2%2Fcomments&post=1685"}],"version-history":[{"count":16,"href":"http:\/\/www.eglise-wallonie.be\/index.php?rest_route=\/wp\/v2\/posts\/1685\/revisions"}],"predecessor-version":[{"id":1756,"href":"http:\/\/www.eglise-wallonie.be\/index.php?rest_route=\/wp\/v2\/posts\/1685\/revisions\/1756"}],"wp:attachment":[{"href":"http:\/\/www.eglise-wallonie.be\/index.php?rest_route=%2Fwp%2Fv2%2Fmedia&parent=1685"}],"wp:term":[{"taxonomy":"category","embeddable":true,"href":"http:\/\/www.eglise-wallonie.be\/index.php?rest_route=%2Fwp%2Fv2%2Fcategories&post=1685"},{"taxonomy":"post_tag","embeddable":true,"href":"http:\/\/www.eglise-wallonie.be\/index.php?rest_route=%2Fwp%2Fv2%2Ftags&post=1685"}],"curies":[{"name":"wp","href":"https:\/\/api.w.org\/{rel}","templated":true}]}}